{"id":217,"date":"2025-01-09T12:06:00","date_gmt":"2025-01-09T12:06:00","guid":{"rendered":"https:\/\/www.burkinasaracanarias.org\/web2\/?p=217"},"modified":"2025-04-14T12:14:50","modified_gmt":"2025-04-14T12:14:50","slug":"recibimos-en-ceip-practicas-aneja-eup-cartas-desde-burkina-faso","status":"publish","type":"post","link":"https:\/\/www.burkinasaracanarias.org\/web2\/2025\/01\/09\/recibimos-en-ceip-practicas-aneja-eup-cartas-desde-burkina-faso\/","title":{"rendered":"Recibimos en CEIP Pr\u00e1cticas Aneja EUP, cartas desde Burkina Faso"},"content":{"rendered":"\n<p>Ya estamos impacientes por leer lo que nos han contado y todo ello en franc\u00e9s.<\/p>\n\n\n\n<p><br>Recibimos en CEIP Pr\u00e1cticas Aneja EUP, cartas desde Burkina Faso.<br>Publicada el 9 de enero de 2025 por Fernando \u00c1vila Garc\u00eda<\/p>\n\n\n\n<p><br>Ya tenemos en el cole las cartas de respuesta que nos hacen llegar desde \u201cBurkinasara Canarias\u201d y que nos traen directamente desde la <strong>escuela de Zourma<\/strong> con la que colaboramos desde hace a\u00f1os y como respuesta a la que enviamos en el curso pasado y que escribi\u00f3 con mucho cari\u00f1o el <strong>alumnado de 5\u00ba y 6\u00ba<\/strong>.<\/p>\n\n\n\n<p>Gracias a Burkinasara Canarias por facilitar el contacto y la colaboraci\u00f3n entre ambos centros.<\/p>\n\n\n\n<p>Entrar en URL de Pr\u00e1cticas Aneja para ver la notica completa, haciendo clic en el siguiente enlace: <a href=\"https:\/\/www3.gobiernodecanarias.org\/medusa\/edublog\/ceippracticasaneja\/?p=5585\" target=\"_blank\" rel=\"noreferrer noopener\">https:\/\/www3.gobiernodecanarias.org\/medusa\/edublog\/ceippracticasaneja\/?p=5585<\/a><\/p>\n\n\n\n<figure class=\"wp-block-image size-large\"><img loading=\"lazy\" decoding=\"async\" width=\"1024\" height=\"973\" src=\"http:\/\/www.burkinasaracanarias.org\/web2\/wp-content\/uploads\/2025\/04\/7b5f8a6b-f165-45da-becb-91bf2334c915-1024x973.jpg\" alt=\"\" class=\"wp-image-218\" srcset=\"https:\/\/www.burkinasaracanarias.org\/web2\/wp-content\/uploads\/2025\/04\/7b5f8a6b-f165-45da-becb-91bf2334c915-1024x973.jpg 1024w, https:\/\/www.burkinasaracanarias.org\/web2\/wp-content\/uploads\/2025\/04\/7b5f8a6b-f165-45da-becb-91bf2334c915-300x285.jpg 300w, https:\/\/www.burkinasaracanarias.org\/web2\/wp-content\/uploads\/2025\/04\/7b5f8a6b-f165-45da-becb-91bf2334c915-768x730.jpg 768w, https:\/\/www.burkinasaracanarias.org\/web2\/wp-content\/uploads\/2025\/04\/7b5f8a6b-f165-45da-becb-91bf2334c915-1536x1460.jpg 1536w, https:\/\/www.burkinasaracanarias.org\/web2\/wp-content\/uploads\/2025\/04\/7b5f8a6b-f165-45da-becb-91bf2334c915.jpg 1600w\" sizes=\"auto, (max-width: 1024px) 100vw, 1024px\" \/><\/figure>\n\n\n\n<p><\/p>\n","protected":false},"excerpt":{"rendered":"<p>Ya estamos impacientes por leer lo que nos han contado y todo ello en franc\u00e9s. Recibimos en CEIP Pr\u00e1cticas Aneja EUP, cartas desde Burkina Faso.Publicada el 9 de enero de 2025 por Fernando \u00c1vila Garc\u00eda Ya tenemos en el cole las cartas de respuesta que nos hacen llegar desde \u201cBurkinasara Canarias\u201d y que nos traen [&hellip;]<\/p>\n","protected":false},"author":1,"featured_media":0,"comment_status":"open","ping_status":"open","sticky":false,"template":"","format":"standard","meta":{"footnotes":""},"categories":[5,6],"tags":[],"class_list":["post-217","post","type-post","status-publish","format-standard","hentry","category-noticias","category-noticias-burkinasara-canarias"],"_links":{"self":[{"href":"https:\/\/www.burkinasaracanarias.org\/web2\/wp-json\/wp\/v2\/posts\/217","targetHints":{"allow":["GET"]}}],"collection":[{"href":"https:\/\/www.burkinasaracanarias.org\/web2\/wp-json\/wp\/v2\/posts"}],"about":[{"href":"https:\/\/www.burkinasaracanarias.org\/web2\/wp-json\/wp\/v2\/types\/post"}],"author":[{"embeddable":true,"href":"https:\/\/www.burkinasaracanarias.org\/web2\/wp-json\/wp\/v2\/users\/1"}],"replies":[{"embeddable":true,"href":"https:\/\/www.burkinasaracanarias.org\/web2\/wp-json\/wp\/v2\/comments?post=217"}],"version-history":[{"count":1,"href":"https:\/\/www.burkinasaracanarias.org\/web2\/wp-json\/wp\/v2\/posts\/217\/revisions"}],"predecessor-version":[{"id":219,"href":"https:\/\/www.burkinasaracanarias.org\/web2\/wp-json\/wp\/v2\/posts\/217\/revisions\/219"}],"wp:attachment":[{"href":"https:\/\/www.burkinasaracanarias.org\/web2\/wp-json\/wp\/v2\/media?parent=217"}],"wp:term":[{"taxonomy":"category","embeddable":true,"href":"https:\/\/www.burkinasaracanarias.org\/web2\/wp-json\/wp\/v2\/categories?post=217"},{"taxonomy":"post_tag","embeddable":true,"href":"https:\/\/www.burkinasaracanarias.org\/web2\/wp-json\/wp\/v2\/tags?post=217"}],"curies":[{"name":"wp","href":"https:\/\/api.w.org\/{rel}","templated":true}]}}