{"id":41,"date":"2019-08-09T09:07:00","date_gmt":"2019-08-09T09:07:00","guid":{"rendered":"http:\/\/www.burkinasaracanarias.org\/web2\/2019\/08\/09\/xii-aniversario-de-la-asociacion-burkinasara-canarias\/"},"modified":"2019-08-09T09:07:00","modified_gmt":"2019-08-09T09:07:00","slug":"xii-aniversario-de-la-asociacion-burkinasara-canarias","status":"publish","type":"post","link":"https:\/\/www.burkinasaracanarias.org\/web2\/2019\/08\/09\/xii-aniversario-de-la-asociacion-burkinasara-canarias\/","title":{"rendered":"XII Aniversario de la Asociaci\u00f3n Burkinasara Canarias"},"content":{"rendered":"<figure class=\"pull-left\"><\/figure>\n<p><span style=\"color: #808080;\">08\/08\/2019<\/span><\/p>\n<p><span style=\"color: #808080;\"><img decoding=\"async\" class=\" size-full wp-image-40\" title=\" Mar\u00eda Esther Gonz\u00e1lez Selles, Minerva Talavera y Alvaro Fernandez Solsona en Bah\u00eda Feliz.\" src=\"http:\/\/www.burkinasaracanarias.org\/web2\/wp-content\/uploads\/2019\/08\/foto67765139_10219971944039892_489907519087443968_ojpg-095.jpg\" alt=\" Mar\u00eda Esther Gonz\u00e1lez Selles, Minerva Talavera y Alvaro Fernandez Solsona en Bah\u00eda Feliz.\" width=\"350\" srcset=\"https:\/\/www.burkinasaracanarias.org\/web2\/wp-content\/uploads\/2019\/08\/foto67765139_10219971944039892_489907519087443968_ojpg-095.jpg 650w, https:\/\/www.burkinasaracanarias.org\/web2\/wp-content\/uploads\/2019\/08\/foto67765139_10219971944039892_489907519087443968_ojpg-095-300x225.jpg 300w\" sizes=\"(max-width: 650px) 100vw, 650px\" \/><\/span><\/p>\n<p style=\"text-align: justify;\">Llega el momento de mirar atr\u00e1s y celebrar el trabajo en equipo, los avances conseguidos y los proyectos que han cambiado vidas! XII Aniversario Asociaci\u00f3n BURKINASARA.CANARIAS<\/p>\n<p><!--more--><\/p>\n<figure class=\"pull-left\"><\/figure>\n<figure><img loading=\"lazy\" decoding=\"async\" class=\" size-full wp-image-40\" title=\" Mar\u00eda Esther Gonz\u00e1lez Selles, Minerva Talavera y Alvaro Fernandez Solsona en Bah\u00eda Feliz.\" src=\"http:\/\/www.burkinasaracanarias.org\/web2\/wp-content\/uploads\/2019\/08\/foto67765139_10219971944039892_489907519087443968_ojpg-095.jpg\" alt=\" Mar\u00eda Esther Gonz\u00e1lez Selles, Minerva Talavera y Alvaro Fernandez Solsona en Bah\u00eda Feliz.\" width=\"650\" height=\"488\" srcset=\"https:\/\/www.burkinasaracanarias.org\/web2\/wp-content\/uploads\/2019\/08\/foto67765139_10219971944039892_489907519087443968_ojpg-095.jpg 650w, https:\/\/www.burkinasaracanarias.org\/web2\/wp-content\/uploads\/2019\/08\/foto67765139_10219971944039892_489907519087443968_ojpg-095-300x225.jpg 300w\" sizes=\"auto, (max-width: 650px) 100vw, 650px\" \/><figcaption><span style=\"font-family: arial, helvetica, sans-serif;\"><em>Mar\u00eda Esther Gonz\u00e1lez Selles, Minerva Talavera y Alvaro Fernandez Solsona en Bah\u00eda Feliz<\/em><\/span>.<\/figcaption><\/figure>\n<p>\u00a0<\/p>\n<p><span style=\"color: #808080;\">08\/08\/2019<\/span><\/p>\n<p style=\"text-align: justify;\"><span style=\"font-size: 12pt;\"><strong>XII Aniversario de la Asociaci\u00f3n Burkinasara Canarias<\/strong><\/span><\/p>\n<p style=\"text-align: justify;\">Llega el momento de mirar atr\u00e1s y celebrar el trabajo en equipo, los avances conseguidos y los proyectos que han cambiado vidas! XII Aniversario Asociaci\u00f3n BURKINASARA.CANARIAS.\u00a0<\/p>\n<p style=\"text-align: justify;\">Raquel Urrejola dec\u00eda en su cuenta de facebook acerca de esto \u00abHoy reuni\u00f3n de la ong Burkinasara.Canarias en mi casa, ya llevamos mas de 10 a\u00f1os desarrollando proyectos de cooperaci\u00f3n en Burkina Faso y en Octubre lo celebrar<span class=\"text_exposed_show\">emos con todo el que quiera participar!!! <\/span><\/p>\n<p style=\"text-align: justify;\"><span class=\"text_exposed_show\">Ya les ir\u00e9 informando!!!\u00a0<\/span><\/p>\n<p style=\"text-align: justify;\"><span class=\"text_exposed_show\"><br \/>Trabajar en algo que me apasiona con gente tan maravillosa es un regalo!!!<span style=\"color: #ff0000;\"><span class=\"_5mfr\"><span class=\"_6qdm\">\u2764<\/span><\/span><span class=\"_5mfr\"><span class=\"_6qdm\">\u2764<\/span><\/span><span class=\"_5mfr\"><span class=\"_6qdm\">\u2764\u00bb<\/span><\/span><\/span><\/span><\/p>\n<p style=\"text-align: justify;\">\u00a0<\/p>\n<p>\u00a0<a class=\"_58cn\" href=\"https:\/\/www.facebook.com\/hashtag\/cooperacionaldesarrollo?source=feed_text&amp;epa=HASHTAG&amp;__xts__%5B0%5D=68.ARBe0G7lS_YIUmEODBJhLKKp4HFOodOJOffFWLN27xnYgy8DMiqlg19C6C3O0et5sjuYif0rNAyuACnuIQw9pFFp5YYGIYn-198bRx_2oAHNPes5cS-FVpaCx1ttl2dqX1wSlnV_o9FjPGf7TNJuUhvLhgskcm4jGkW2GO2pvbu575FnnADsejcJL-AKrz6AIwKF_o6xsGdpNm-4RQM1Me5Efs0wAd6072H1x2jSS3g2kLHIM9aup4qf2OwrFYuA5OT8g10T7LtzfA4-L_Wp17uInGsYMyo&amp;__tn__=%2ANKH-R\" data-ft=\"{&quot;type&quot;:104,&quot;tn&quot;:&quot;*N&quot;}\"><span class=\"_5afx\"><span class=\"_58cl _5afz\">#<\/span><span class=\"_58cm\">cooperacionaldesarrollo<\/span><\/span><\/a>\u00a0<a class=\"_58cn\" href=\"https:\/\/www.facebook.com\/hashtag\/cooperacioninternacional?source=feed_text&amp;epa=HASHTAG&amp;__xts__%5B0%5D=68.ARBe0G7lS_YIUmEODBJhLKKp4HFOodOJOffFWLN27xnYgy8DMiqlg19C6C3O0et5sjuYif0rNAyuACnuIQw9pFFp5YYGIYn-198bRx_2oAHNPes5cS-FVpaCx1ttl2dqX1wSlnV_o9FjPGf7TNJuUhvLhgskcm4jGkW2GO2pvbu575FnnADsejcJL-AKrz6AIwKF_o6xsGdpNm-4RQM1Me5Efs0wAd6072H1x2jSS3g2kLHIM9aup4qf2OwrFYuA5OT8g10T7LtzfA4-L_Wp17uInGsYMyo&amp;__tn__=%2ANKH-R\" data-ft=\"{&quot;type&quot;:104,&quot;tn&quot;:&quot;*N&quot;}\"><span class=\"_5afx\"><span class=\"_58cl _5afz\">#<\/span><span class=\"_58cm\">cooperacioninternacional<\/span><\/span><\/a>\u00a0<a class=\"_58cn\" href=\"https:\/\/www.facebook.com\/hashtag\/solidaridad?source=feed_text&amp;epa=HASHTAG&amp;__xts__%5B0%5D=68.ARBe0G7lS_YIUmEODBJhLKKp4HFOodOJOffFWLN27xnYgy8DMiqlg19C6C3O0et5sjuYif0rNAyuACnuIQw9pFFp5YYGIYn-198bRx_2oAHNPes5cS-FVpaCx1ttl2dqX1wSlnV_o9FjPGf7TNJuUhvLhgskcm4jGkW2GO2pvbu575FnnADsejcJL-AKrz6AIwKF_o6xsGdpNm-4RQM1Me5Efs0wAd6072H1x2jSS3g2kLHIM9aup4qf2OwrFYuA5OT8g10T7LtzfA4-L_Wp17uInGsYMyo&amp;__tn__=%2ANKH-R\" data-ft=\"{&quot;type&quot;:104,&quot;tn&quot;:&quot;*N&quot;}\"><span class=\"_5afx\"><span class=\"_58cl _5afz\">#<\/span><span class=\"_58cm\">solidaridad<\/span><\/span><\/a>\u00a0<a class=\"_58cn\" href=\"https:\/\/www.facebook.com\/hashtag\/amigos?source=feed_text&amp;epa=HASHTAG&amp;__xts__%5B0%5D=68.ARBe0G7lS_YIUmEODBJhLKKp4HFOodOJOffFWLN27xnYgy8DMiqlg19C6C3O0et5sjuYif0rNAyuACnuIQw9pFFp5YYGIYn-198bRx_2oAHNPes5cS-FVpaCx1ttl2dqX1wSlnV_o9FjPGf7TNJuUhvLhgskcm4jGkW2GO2pvbu575FnnADsejcJL-AKrz6AIwKF_o6xsGdpNm-4RQM1Me5Efs0wAd6072H1x2jSS3g2kLHIM9aup4qf2OwrFYuA5OT8g10T7LtzfA4-L_Wp17uInGsYMyo&amp;__tn__=%2ANKH-R\" data-ft=\"{&quot;type&quot;:104,&quot;tn&quot;:&quot;*N&quot;}\"><span class=\"_5afx\"><span class=\"_58cl _5afz\">#<\/span><span class=\"_58cm\">amigos<\/span><\/span><\/a><span class=\"_5mfr\"><span class=\"_6qdm\">?<\/span><\/span><a class=\"_58cn\" href=\"https:\/\/www.facebook.com\/hashtag\/reunionesdetrabajo?source=feed_text&amp;epa=HASHTAG&amp;__xts__%5B0%5D=68.ARBe0G7lS_YIUmEODBJhLKKp4HFOodOJOffFWLN27xnYgy8DMiqlg19C6C3O0et5sjuYif0rNAyuACnuIQw9pFFp5YYGIYn-198bRx_2oAHNPes5cS-FVpaCx1ttl2dqX1wSlnV_o9FjPGf7TNJuUhvLhgskcm4jGkW2GO2pvbu575FnnADsejcJL-AKrz6AIwKF_o6xsGdpNm-4RQM1Me5Efs0wAd6072H1x2jSS3g2kLHIM9aup4qf2OwrFYuA5OT8g10T7LtzfA4-L_Wp17uInGsYMyo&amp;__tn__=%2ANKH-R\" data-ft=\"{&quot;type&quot;:104,&quot;tn&quot;:&quot;*N&quot;}\"><span class=\"_5afx\"><span class=\"_58cl _5afz\">#<\/span><span class=\"_58cm\">reunionesdetrabajo<\/span><\/span><\/a>\u00a0<a class=\"_58cn\" href=\"https:\/\/www.facebook.com\/hashtag\/burkinafaso?source=feed_text&amp;epa=HASHTAG&amp;__xts__%5B0%5D=68.ARBe0G7lS_YIUmEODBJhLKKp4HFOodOJOffFWLN27xnYgy8DMiqlg19C6C3O0et5sjuYif0rNAyuACnuIQw9pFFp5YYGIYn-198bRx_2oAHNPes5cS-FVpaCx1ttl2dqX1wSlnV_o9FjPGf7TNJuUhvLhgskcm4jGkW2GO2pvbu575FnnADsejcJL-AKrz6AIwKF_o6xsGdpNm-4RQM1Me5Efs0wAd6072H1x2jSS3g2kLHIM9aup4qf2OwrFYuA5OT8g10T7LtzfA4-L_Wp17uInGsYMyo&amp;__tn__=%2ANKH-R\" data-ft=\"{&quot;type&quot;:104,&quot;tn&quot;:&quot;*N&quot;}\"><span class=\"_5afx\"><span class=\"_58cl _5afz\">#<\/span><span class=\"_58cm\">burkinafaso<\/span><\/span><\/a>\u00a0#burkinafaso<span class=\"_5mfr\"><span class=\"_6qdm\">??<\/span><\/span><\/p>\n","protected":false},"excerpt":{"rendered":"<p>08\/08\/2019 Llega el momento de mirar atr\u00e1s y celebrar el trabajo en equipo, los avances conseguidos y los proyectos que han cambiado vidas! XII Aniversario Asociaci\u00f3n BURKINASARA.CANARIAS<\/p>\n","protected":false},"author":1,"featured_media":40,"comment_status":"open","ping_status":"open","sticky":false,"template":"","format":"standard","meta":{"footnotes":""},"categories":[6],"tags":[25,8,9,10,12,13,11,24],"class_list":["post-41","post","type-post","status-publish","format-standard","has-post-thumbnail","hentry","category-noticias-burkinasara-canarias","tag-aniversario","tag-burkina","tag-burkinasara","tag-canarias","tag-mujeres-del-mundo","tag-rtvc","tag-solidaridad","tag-xii"],"_links":{"self":[{"href":"https:\/\/www.burkinasaracanarias.org\/web2\/wp-json\/wp\/v2\/posts\/41","targetHints":{"allow":["GET"]}}],"collection":[{"href":"https:\/\/www.burkinasaracanarias.org\/web2\/wp-json\/wp\/v2\/posts"}],"about":[{"href":"https:\/\/www.burkinasaracanarias.org\/web2\/wp-json\/wp\/v2\/types\/post"}],"author":[{"embeddable":true,"href":"https:\/\/www.burkinasaracanarias.org\/web2\/wp-json\/wp\/v2\/users\/1"}],"replies":[{"embeddable":true,"href":"https:\/\/www.burkinasaracanarias.org\/web2\/wp-json\/wp\/v2\/comments?post=41"}],"version-history":[{"count":0,"href":"https:\/\/www.burkinasaracanarias.org\/web2\/wp-json\/wp\/v2\/posts\/41\/revisions"}],"wp:featuredmedia":[{"embeddable":true,"href":"https:\/\/www.burkinasaracanarias.org\/web2\/wp-json\/wp\/v2\/media\/40"}],"wp:attachment":[{"href":"https:\/\/www.burkinasaracanarias.org\/web2\/wp-json\/wp\/v2\/media?parent=41"}],"wp:term":[{"taxonomy":"category","embeddable":true,"href":"https:\/\/www.burkinasaracanarias.org\/web2\/wp-json\/wp\/v2\/categories?post=41"},{"taxonomy":"post_tag","embeddable":true,"href":"https:\/\/www.burkinasaracanarias.org\/web2\/wp-json\/wp\/v2\/tags?post=41"}],"curies":[{"name":"wp","href":"https:\/\/api.w.org\/{rel}","templated":true}]}}