{"id":43,"date":"2019-09-11T09:07:00","date_gmt":"2019-09-11T09:07:00","guid":{"rendered":"http:\/\/www.burkinasaracanarias.org\/web2\/2019\/09\/11\/xi-aniversarios-asociacion-burkinasara-canarias-ayagaures-12-de-octubre\/"},"modified":"2019-09-11T09:07:00","modified_gmt":"2019-09-11T09:07:00","slug":"xi-aniversarios-asociacion-burkinasara-canarias-ayagaures-12-de-octubre","status":"publish","type":"post","link":"https:\/\/www.burkinasaracanarias.org\/web2\/2019\/09\/11\/xi-aniversarios-asociacion-burkinasara-canarias-ayagaures-12-de-octubre\/","title":{"rendered":"XI Aniversario Asociaci\u00f3n Burkinasara Canarias &#8211; Ayagaures 12 de Octubre"},"content":{"rendered":"<figure class=\"pull-left\"><\/figure>\n<p>11\/09\/2019<\/p>\n<figure><img decoding=\"async\" class=\" size-full wp-image-42\" title=\"XI Aniversario de la Asociaci\u00f3n Burkinasara.Canarias\" src=\"http:\/\/www.burkinasaracanarias.org\/web2\/wp-content\/uploads\/2019\/09\/81568892-cc07-421f-9118-ce65049e66da-2cf.jpg\" alt=\"AYAGAURES 12 de OCTUBRE de 2019\" width=\"350\" srcset=\"https:\/\/www.burkinasaracanarias.org\/web2\/wp-content\/uploads\/2019\/09\/81568892-cc07-421f-9118-ce65049e66da-2cf.jpg 720w, https:\/\/www.burkinasaracanarias.org\/web2\/wp-content\/uploads\/2019\/09\/81568892-cc07-421f-9118-ce65049e66da-2cf-169x300.jpg 169w, https:\/\/www.burkinasaracanarias.org\/web2\/wp-content\/uploads\/2019\/09\/81568892-cc07-421f-9118-ce65049e66da-2cf-576x1024.jpg 576w\" sizes=\"(max-width: 720px) 100vw, 720px\" \/><figcaption>XI Aniversario de la Asociaci\u00f3n Burkinasara.Canarias<\/figcaption><\/figure>\n<p>Se realizar\u00e1n diferentes tipos de actividades para celebrar el XI Aniversario de nuestra asociaci\u00f3n.<\/p>\n<p>(leer m\u00e1s)<\/p>\n<p><!--more--><\/p>\n<figure class=\"pull-left\"><\/figure>\n<figure><\/figure>\n<p>\u00a0<img decoding=\"async\" class=\" size-full wp-image-42\" title=\"XI Aniversario de la Asociaci\u00f3n Burkinasara.Canarias\" src=\"http:\/\/www.burkinasaracanarias.org\/web2\/wp-content\/uploads\/2019\/09\/81568892-cc07-421f-9118-ce65049e66da-2cf.jpg\" alt=\"AYAGAURES 12 de OCTUBRE de 2019\" width=\"650\" srcset=\"https:\/\/www.burkinasaracanarias.org\/web2\/wp-content\/uploads\/2019\/09\/81568892-cc07-421f-9118-ce65049e66da-2cf.jpg 720w, https:\/\/www.burkinasaracanarias.org\/web2\/wp-content\/uploads\/2019\/09\/81568892-cc07-421f-9118-ce65049e66da-2cf-169x300.jpg 169w, https:\/\/www.burkinasaracanarias.org\/web2\/wp-content\/uploads\/2019\/09\/81568892-cc07-421f-9118-ce65049e66da-2cf-576x1024.jpg 576w\" sizes=\"(max-width: 720px) 100vw, 720px\" \/><\/p>\n<p style=\"text-align: justify;\"><span style=\"font-size: 12pt;\"><strong>\u00a0XI Aniversario Asociaci\u00f3n Burkinasara Canarias &#8211; Ayagaures 12 de Octubre.<\/strong><\/span><\/p>\n<p style=\"text-align: justify;\">Entre las actividades que se realizar\u00e1n, se informar\u00e1 sobre todos los proyectos realizados, Din\u00e1micas formativas, la realidad de Burkina faso vivida en primera l\u00ednea por los cooperantes de la asociaci\u00f3n, actividades infantiles, las experiencias de esos mismos cooperantes, as\u00ed como Cine Forum.<\/p>\n<p style=\"text-align: justify;\">Pueden obtener informaci\u00f3n en el cartel que se expone acerca de los donativos para adultos y ni\u00f1os, as\u00ed como el correo electr\u00f3nico de inscripci\u00f3n para la asistencia. (Los donativos en su totalidad ser\u00e1n destinados a los casos especiales en Burkina Faso.<\/p>\n<p style=\"text-align: justify;\"><strong>\u00a1\u00a1Colabora si puedes!! &#8211; \u00a1\u00a1TE ESPERAMOS!!<\/strong><\/p>\n<p>\u00a0<\/p>\n","protected":false},"excerpt":{"rendered":"<p>11\/09\/2019 XI Aniversario de la Asociaci\u00f3n Burkinasara.Canarias Se realizar\u00e1n diferentes tipos de actividades para celebrar el XI Aniversario de nuestra asociaci\u00f3n. (leer m\u00e1s)<\/p>\n","protected":false},"author":1,"featured_media":42,"comment_status":"open","ping_status":"open","sticky":false,"template":"","format":"standard","meta":{"footnotes":""},"categories":[6],"tags":[25,8,9,10,12,11,26],"class_list":["post-43","post","type-post","status-publish","format-standard","has-post-thumbnail","hentry","category-noticias-burkinasara-canarias","tag-aniversario","tag-burkina","tag-burkinasara","tag-canarias","tag-mujeres-del-mundo","tag-solidaridad","tag-xi"],"_links":{"self":[{"href":"https:\/\/www.burkinasaracanarias.org\/web2\/wp-json\/wp\/v2\/posts\/43","targetHints":{"allow":["GET"]}}],"collection":[{"href":"https:\/\/www.burkinasaracanarias.org\/web2\/wp-json\/wp\/v2\/posts"}],"about":[{"href":"https:\/\/www.burkinasaracanarias.org\/web2\/wp-json\/wp\/v2\/types\/post"}],"author":[{"embeddable":true,"href":"https:\/\/www.burkinasaracanarias.org\/web2\/wp-json\/wp\/v2\/users\/1"}],"replies":[{"embeddable":true,"href":"https:\/\/www.burkinasaracanarias.org\/web2\/wp-json\/wp\/v2\/comments?post=43"}],"version-history":[{"count":0,"href":"https:\/\/www.burkinasaracanarias.org\/web2\/wp-json\/wp\/v2\/posts\/43\/revisions"}],"wp:featuredmedia":[{"embeddable":true,"href":"https:\/\/www.burkinasaracanarias.org\/web2\/wp-json\/wp\/v2\/media\/42"}],"wp:attachment":[{"href":"https:\/\/www.burkinasaracanarias.org\/web2\/wp-json\/wp\/v2\/media?parent=43"}],"wp:term":[{"taxonomy":"category","embeddable":true,"href":"https:\/\/www.burkinasaracanarias.org\/web2\/wp-json\/wp\/v2\/categories?post=43"},{"taxonomy":"post_tag","embeddable":true,"href":"https:\/\/www.burkinasaracanarias.org\/web2\/wp-json\/wp\/v2\/tags?post=43"}],"curies":[{"name":"wp","href":"https:\/\/api.w.org\/{rel}","templated":true}]}}