{"id":45,"date":"2019-10-04T09:07:00","date_gmt":"2019-10-04T09:07:00","guid":{"rendered":"http:\/\/www.burkinasaracanarias.org\/web2\/2019\/10\/04\/asociacionvalentinaentrevista\/"},"modified":"2019-10-04T09:07:00","modified_gmt":"2019-10-04T09:07:00","slug":"asociacionvalentinaentrevista","status":"publish","type":"post","link":"https:\/\/www.burkinasaracanarias.org\/web2\/2019\/10\/04\/asociacionvalentinaentrevista\/","title":{"rendered":"Entrevista a Minerva Talavera D, en \u00abUn Caf\u00e9 con Amigas\u00bb de Asociaci\u00f3n de Mujeres Valentina"},"content":{"rendered":"<figure class=\"pull-left\"><\/figure>\n<p>04\/10\/2019<\/p>\n<p><img decoding=\"async\" class=\" size-full wp-image-44\" title=\"Entrevista a Minerva Talavera - Un Caf\u00e9 con Amigas - Asociaci\u00f3n Valentina\" src=\"http:\/\/www.burkinasaracanarias.org\/web2\/wp-content\/uploads\/2019\/10\/uncafeconamigas-asocvalentina_MTD_002-a45.jpg\" alt=\"Entrevista a Minerva Talavera - Un Caf\u00e9 con Amigas - Asociaci\u00f3n Valentina\" width=\"350\" srcset=\"https:\/\/www.burkinasaracanarias.org\/web2\/wp-content\/uploads\/2019\/10\/uncafeconamigas-asocvalentina_MTD_002-a45.jpg 650w, https:\/\/www.burkinasaracanarias.org\/web2\/wp-content\/uploads\/2019\/10\/uncafeconamigas-asocvalentina_MTD_002-a45-300x225.jpg 300w\" sizes=\"(max-width: 650px) 100vw, 650px\" \/><\/p>\n<p>La Asociaci\u00f3n de Mujeres Valentina entrevista a Minerva Talavera Dom\u00ednguez, la mujer, de la Asociaci\u00f3n Burkinanasara Canarias, dentro de sus espacio \u00abUn Caf\u00e9 con Amigas\u00bb<\/p>\n<p>(leer m\u00e1s)<\/p>\n<p><!--more--><\/p>\n<figure class=\"pull-left\"><\/figure>\n<figure><\/figure>\n<p>\u00a004\/10\/2019<\/p>\n<p><img loading=\"lazy\" decoding=\"async\" class=\" size-full wp-image-44\" title=\"Entrevista a Minerva Talavera - Un Caf\u00e9 con Amigas - Asociaci\u00f3n Valentina\" src=\"http:\/\/www.burkinasaracanarias.org\/web2\/wp-content\/uploads\/2019\/10\/uncafeconamigas-asocvalentina_MTD_002-a45.jpg\" alt=\"Entrevista a Minerva Talavera - Un Caf\u00e9 con Amigas - Asociaci\u00f3n Valentina\" width=\"650\" height=\"488\" srcset=\"https:\/\/www.burkinasaracanarias.org\/web2\/wp-content\/uploads\/2019\/10\/uncafeconamigas-asocvalentina_MTD_002-a45.jpg 650w, https:\/\/www.burkinasaracanarias.org\/web2\/wp-content\/uploads\/2019\/10\/uncafeconamigas-asocvalentina_MTD_002-a45-300x225.jpg 300w\" sizes=\"auto, (max-width: 650px) 100vw, 650px\" \/><\/p>\n<p>La Asociaci\u00f3n de Mujeres Valentina entrevista a Minerva Talavera Dom\u00ednguez, la mujer, de la Asociaci\u00f3n Burkinanasara Canarias, dentro de sus espacio \u00abUn Caf\u00e9 con Amigas\u00bb<\/p>\n<p>Como dicen que una imagen vale m\u00e1s que mil palabras, pero un escrito es tan valioso como la imagen, porque refleja en su veracidad lo que no sale en la foto, les invito a que lean la entrevista, esperando que les guste.<\/p>\n<p>Direcci\u00f3n de burkinasara.Canarias<\/p>\n<figure><figcaption><\/figcaption><figcaption><\/figcaption><\/figure>\n","protected":false},"excerpt":{"rendered":"<p>04\/10\/2019 La Asociaci\u00f3n de Mujeres Valentina entrevista a Minerva Talavera Dom\u00ednguez, la mujer, de la Asociaci\u00f3n Burkinanasara Canarias, dentro de sus espacio \u00abUn Caf\u00e9 con Amigas\u00bb (leer m\u00e1s)<\/p>\n","protected":false},"author":1,"featured_media":44,"comment_status":"open","ping_status":"open","sticky":false,"template":"","format":"standard","meta":{"footnotes":""},"categories":[6],"tags":[30,8,9,10,29,27,11,28,31],"class_list":["post-45","post","type-post","status-publish","format-standard","has-post-thumbnail","hentry","category-noticias-burkinasara-canarias","tag-asociacion","tag-burkina","tag-burkinasara","tag-canarias","tag-con-amigas","tag-entrevista","tag-solidaridad","tag-un-cafe","tag-valentina"],"_links":{"self":[{"href":"https:\/\/www.burkinasaracanarias.org\/web2\/wp-json\/wp\/v2\/posts\/45","targetHints":{"allow":["GET"]}}],"collection":[{"href":"https:\/\/www.burkinasaracanarias.org\/web2\/wp-json\/wp\/v2\/posts"}],"about":[{"href":"https:\/\/www.burkinasaracanarias.org\/web2\/wp-json\/wp\/v2\/types\/post"}],"author":[{"embeddable":true,"href":"https:\/\/www.burkinasaracanarias.org\/web2\/wp-json\/wp\/v2\/users\/1"}],"replies":[{"embeddable":true,"href":"https:\/\/www.burkinasaracanarias.org\/web2\/wp-json\/wp\/v2\/comments?post=45"}],"version-history":[{"count":0,"href":"https:\/\/www.burkinasaracanarias.org\/web2\/wp-json\/wp\/v2\/posts\/45\/revisions"}],"wp:featuredmedia":[{"embeddable":true,"href":"https:\/\/www.burkinasaracanarias.org\/web2\/wp-json\/wp\/v2\/media\/44"}],"wp:attachment":[{"href":"https:\/\/www.burkinasaracanarias.org\/web2\/wp-json\/wp\/v2\/media?parent=45"}],"wp:term":[{"taxonomy":"category","embeddable":true,"href":"https:\/\/www.burkinasaracanarias.org\/web2\/wp-json\/wp\/v2\/categories?post=45"},{"taxonomy":"post_tag","embeddable":true,"href":"https:\/\/www.burkinasaracanarias.org\/web2\/wp-json\/wp\/v2\/tags?post=45"}],"curies":[{"name":"wp","href":"https:\/\/api.w.org\/{rel}","templated":true}]}}