{"id":50,"date":"2019-10-10T23:00:00","date_gmt":"2019-10-10T23:00:00","guid":{"rendered":"http:\/\/www.burkinasaracanarias.org\/web2\/2019\/10\/10\/entrevista-a-minerva-talavera-y-claris-zango-de-burkinasara-canarias-en-el-programa-el-alpende-de-rtvc\/"},"modified":"2019-10-10T23:00:00","modified_gmt":"2019-10-10T23:00:00","slug":"entrevista-a-minerva-talavera-y-claris-zango-de-burkinasara-canarias-en-el-programa-el-alpende-de-rtvc","status":"publish","type":"post","link":"https:\/\/www.burkinasaracanarias.org\/web2\/2019\/10\/10\/entrevista-a-minerva-talavera-y-claris-zango-de-burkinasara-canarias-en-el-programa-el-alpende-de-rtvc\/","title":{"rendered":"Entrevista a Minerva Talavera y Claris Zango de Burkinasara Canarias en el programa El Alpende de RTVC"},"content":{"rendered":"<figure class=\"pull-left\"><\/figure>\n<p><span style=\"color: #000000;\">10\/08\/2019<\/span><\/p>\n<p><img decoding=\"async\" class=\" size-full wp-image-46\" title=\"Claris Zango, Leny Gonz\u00e1lez y Minerva Talavera en Canarias Radio La Auton\u00f3mica\" src=\"http:\/\/www.burkinasaracanarias.org\/web2\/wp-content\/uploads\/2019\/10\/9d8dc3af-8a56-48fd-8b65-a3beef13f75b-177.jpg\" alt=\"Claris Zango, Leny Gonz\u00e1lez y Minerva Talavera en Canarias Radio La Auton\u00f3mica\" width=\"350\" srcset=\"https:\/\/www.burkinasaracanarias.org\/web2\/wp-content\/uploads\/2019\/10\/9d8dc3af-8a56-48fd-8b65-a3beef13f75b-177.jpg 1600w, https:\/\/www.burkinasaracanarias.org\/web2\/wp-content\/uploads\/2019\/10\/9d8dc3af-8a56-48fd-8b65-a3beef13f75b-177-300x225.jpg 300w, https:\/\/www.burkinasaracanarias.org\/web2\/wp-content\/uploads\/2019\/10\/9d8dc3af-8a56-48fd-8b65-a3beef13f75b-177-1024x768.jpg 1024w, https:\/\/www.burkinasaracanarias.org\/web2\/wp-content\/uploads\/2019\/10\/9d8dc3af-8a56-48fd-8b65-a3beef13f75b-177-768x576.jpg 768w, https:\/\/www.burkinasaracanarias.org\/web2\/wp-content\/uploads\/2019\/10\/9d8dc3af-8a56-48fd-8b65-a3beef13f75b-177-1536x1152.jpg 1536w\" sizes=\"(max-width: 1600px) 100vw, 1600px\" \/><\/p>\n<p style=\"text-align: justify;\"><span style=\"color: #000000;\">En el control Fernando Gonz\u00e1lez, entrevistando Leny Gonz\u00e1lez y dejando el alma en cada comentario Minerva Talavera Dom\u00ednguez, Presidenta de la Asociaci\u00f3n \u00abBurkinasaraCanarias\u00bb y Claris Zango, cooperante de la misma. Conocer lo que hacemos en Canarias a trav\u00e9s de nuestra gente, es formar parte de ello. \u00a1 Entra y esc\u00fachanos! \u00a1 Comparte, que entre <a style=\"color: #000000;\" href=\"mailto:tod@s\">tod@s<\/a>\u00a0somos soluci\u00f3n!<\/span><\/p>\n<p><!--more--><\/p>\n<p><span style=\"color: #000000;\">10\/08\/2019<\/span><\/p>\n<p><a href=\"http:\/\/www.rtvc.es\/canariasradio\/multimedia\/El%20Alpende-12445\/11-10-19-122.aspx#.XaAVlLmCE0M\" target=\"_blank\" rel=\"noopener noreferrer\"><span style=\"color: #000000;\"><img loading=\"lazy\" decoding=\"async\" class=\" size-full wp-image-47\" title=\"Leny Gonz\u00e1lez - Presentadora de \" src=\"http:\/\/www.burkinasaracanarias.org\/web2\/wp-content\/uploads\/2019\/10\/el_alpende-presentadora-8a2.jpg\" alt=\"Leny Gonz\u00e1lez - Presentadora de \" width=\"650\" height=\"331\" srcset=\"https:\/\/www.burkinasaracanarias.org\/web2\/wp-content\/uploads\/2019\/10\/el_alpende-presentadora-8a2.jpg 650w, https:\/\/www.burkinasaracanarias.org\/web2\/wp-content\/uploads\/2019\/10\/el_alpende-presentadora-8a2-300x153.jpg 300w\" sizes=\"auto, (max-width: 650px) 100vw, 650px\" \/><\/span><\/a><\/p>\n<p><strong><span style=\"color: #000000;\">Leny Gonz\u00e1lez &#8211; Presentadora de \u00abEl Alpende\u00bb de RTVC<\/span><\/strong><\/p>\n<p style=\"text-align: justify;\"><span style=\"color: #000000;\">En el control Fernando Gonz\u00e1lez, <a href=\"http:\/\/www.rtvc.es\/canariasradio\/multimedia\/El%20Alpende-12445\/11-10-19-122.aspx#.XaAVlLmCE0M\" target=\"_blank\" rel=\"noopener noreferrer\"><strong>entrevistando Leny Gonz\u00e1lez<\/strong><\/a> y dejando el alma en cada comentario<strong> Minerva Talavera Dom\u00ednguez<\/strong>, Presidenta de la Asociaci\u00f3n \u00abBurkinasaraCanarias\u00bb y <strong>Claris Zango<\/strong>, cooperante de la misma. Conocer lo que hacemos en Canarias a trav\u00e9s de nuestra gente, es formar parte de ello. \u00a1 <a href=\"http:\/\/www.rtvc.es\/canariasradio\/multimedia\/El%20Alpende-12445\/11-10-19-122.aspx#.XaAVlLmCE0M\" target=\"_blank\" rel=\"noopener noreferrer\">Entra y esc\u00fachanos<\/a>! \u00a1 Comparte, que entre\u00a0<a style=\"color: #000000;\" href=\"mailto:tod@s\">tod@s<\/a>\u00a0somos soluci\u00f3n!<\/span><\/p>\n<p style=\"text-align: justify;\"><span style=\"color: #000000;\">Esta nueva entrevista de la Conductora del programa El Alpende de RTVC, Leny Gonz\u00e1lez a Minerva Talavera y Claris Zango de Burkinasara Canarias, se condujo de la \u00fanica forma en la que se puede hacer cuando las razones, las ganas,y el finjustifican todos los medios que se usen para conseguir el objetivo.<\/span><\/p>\n<p style=\"text-align: justify;\"><span style=\"color: #000000;\"><a href=\"http:\/\/www.rtvc.es\/canariasradio\/multimedia\/El%20Alpende-12445\/11-10-19-122.aspx#.XaAVlLmCE0M\" target=\"_blank\" rel=\"noopener noreferrer\">No dejes de escuchar este audio<\/a> que te har\u00e1 conocer de primera mano, el trabajo que no vemos a diario, pero que existe, que se realiza y que se hace y muchas veces, mientras los dem\u00e1s dormimos.<\/span><\/p>\n<p style=\"text-align: justify;\"><span style=\"color: #000000;\"><span style=\"color: #ff0000;\"><strong>A partir del minuto 11:29<\/strong><\/span> (puedes mover el dial sobre la l\u00ednea de tiempo y colocarlo justo en el inicio de la entrevista, si no quieres escuchar lo anterior)<\/span><\/p>\n<p style=\"text-align: justify;\"><img decoding=\"async\" class=\" size-full wp-image-46\" title=\"Claris Zango, Leny Gonz\u00e1lez y Minerva Talavera en Canarias Radio La Auton\u00f3mica\" src=\"http:\/\/www.burkinasaracanarias.org\/web2\/wp-content\/uploads\/2019\/10\/9d8dc3af-8a56-48fd-8b65-a3beef13f75b-177.jpg\" alt=\"Claris Zango, Leny Gonz\u00e1lez y Minerva Talavera en Canarias Radio La Auton\u00f3mica\" width=\"650\" srcset=\"https:\/\/www.burkinasaracanarias.org\/web2\/wp-content\/uploads\/2019\/10\/9d8dc3af-8a56-48fd-8b65-a3beef13f75b-177.jpg 1600w, https:\/\/www.burkinasaracanarias.org\/web2\/wp-content\/uploads\/2019\/10\/9d8dc3af-8a56-48fd-8b65-a3beef13f75b-177-300x225.jpg 300w, https:\/\/www.burkinasaracanarias.org\/web2\/wp-content\/uploads\/2019\/10\/9d8dc3af-8a56-48fd-8b65-a3beef13f75b-177-1024x768.jpg 1024w, https:\/\/www.burkinasaracanarias.org\/web2\/wp-content\/uploads\/2019\/10\/9d8dc3af-8a56-48fd-8b65-a3beef13f75b-177-768x576.jpg 768w, https:\/\/www.burkinasaracanarias.org\/web2\/wp-content\/uploads\/2019\/10\/9d8dc3af-8a56-48fd-8b65-a3beef13f75b-177-1536x1152.jpg 1536w\" sizes=\"(max-width: 1600px) 100vw, 1600px\" \/><\/p>\n<p style=\"text-align: justify;\"><strong>Claris Zango, Leny Gonz\u00e1lez y Minerva Talavera en Canarias Radio La Auton\u00f3mica<\/strong><\/p>\n<p style=\"text-align: justify;\"><img decoding=\"async\" class=\" size-full wp-image-48\" title=\"Claris Zango y Minerva Talavera en Canarias Radio La Auton\u00f3mica\" src=\"http:\/\/www.burkinasaracanarias.org\/web2\/wp-content\/uploads\/2019\/10\/eb796049-e211-4ce5-96be-aea5065aa672-a85.jpg\" alt=\"Claris Zango y Minerva Talavera en Canarias Radio La Auton\u00f3mica\" width=\"650\" srcset=\"https:\/\/www.burkinasaracanarias.org\/web2\/wp-content\/uploads\/2019\/10\/eb796049-e211-4ce5-96be-aea5065aa672-a85.jpg 1600w, https:\/\/www.burkinasaracanarias.org\/web2\/wp-content\/uploads\/2019\/10\/eb796049-e211-4ce5-96be-aea5065aa672-a85-300x225.jpg 300w, https:\/\/www.burkinasaracanarias.org\/web2\/wp-content\/uploads\/2019\/10\/eb796049-e211-4ce5-96be-aea5065aa672-a85-1024x768.jpg 1024w, https:\/\/www.burkinasaracanarias.org\/web2\/wp-content\/uploads\/2019\/10\/eb796049-e211-4ce5-96be-aea5065aa672-a85-768x576.jpg 768w, https:\/\/www.burkinasaracanarias.org\/web2\/wp-content\/uploads\/2019\/10\/eb796049-e211-4ce5-96be-aea5065aa672-a85-1536x1152.jpg 1536w\" sizes=\"(max-width: 1600px) 100vw, 1600px\" \/><\/p>\n<p style=\"text-align: justify;\"><strong>Claris Zango Minerva Talavera en Canarias Radio La Auton\u00f3mica<\/strong><\/p>\n<p style=\"text-align: justify;\"><img decoding=\"async\" class=\" size-full wp-image-49\" title=\"Los almanaques solidarios son una forma de colaborar para tener un mundo m\u00e1s equilibrado y casi sin darte cuenta. Colabora con nosotros, pide nuestro calendario\" src=\"http:\/\/www.burkinasaracanarias.org\/web2\/wp-content\/uploads\/2019\/10\/57f74a23-e645-4cec-8c52-712f24d63265-fbc.jpg\" alt=\"Los almanaques solidarios son una forma de colaborar para tener un mundo m\u00e1s equilibrado y casi sin darte cuenta. Colabora con nosotros, pide nuestro calendario\" width=\"650\" srcset=\"https:\/\/www.burkinasaracanarias.org\/web2\/wp-content\/uploads\/2019\/10\/57f74a23-e645-4cec-8c52-712f24d63265-fbc.jpg 1600w, https:\/\/www.burkinasaracanarias.org\/web2\/wp-content\/uploads\/2019\/10\/57f74a23-e645-4cec-8c52-712f24d63265-fbc-300x225.jpg 300w, https:\/\/www.burkinasaracanarias.org\/web2\/wp-content\/uploads\/2019\/10\/57f74a23-e645-4cec-8c52-712f24d63265-fbc-1024x768.jpg 1024w, https:\/\/www.burkinasaracanarias.org\/web2\/wp-content\/uploads\/2019\/10\/57f74a23-e645-4cec-8c52-712f24d63265-fbc-768x576.jpg 768w, https:\/\/www.burkinasaracanarias.org\/web2\/wp-content\/uploads\/2019\/10\/57f74a23-e645-4cec-8c52-712f24d63265-fbc-1536x1152.jpg 1536w\" sizes=\"(max-width: 1600px) 100vw, 1600px\" \/><\/p>\n<p style=\"text-align: justify;\"><strong><a href=\"index.php\/es\/contactar\">Nuestro calendario solidario. Colabora con nosotros pidiendo nuestro calendario. Con ello nos ayudas a conseguir objetivos siendo solidario. \u00a1Gracias!<\/a><\/strong><\/p>\n<p style=\"text-align: justify;\">\u00a0<\/p>\n<p>\u00a0<a class=\"_58cn\" href=\"https:\/\/www.facebook.com\/hashtag\/cooperacionaldesarrollo?source=feed_text&amp;epa=HASHTAG&amp;__xts__%5B0%5D=68.ARBe0G7lS_YIUmEODBJhLKKp4HFOodOJOffFWLN27xnYgy8DMiqlg19C6C3O0et5sjuYif0rNAyuACnuIQw9pFFp5YYGIYn-198bRx_2oAHNPes5cS-FVpaCx1ttl2dqX1wSlnV_o9FjPGf7TNJuUhvLhgskcm4jGkW2GO2pvbu575FnnADsejcJL-AKrz6AIwKF_o6xsGdpNm-4RQM1Me5Efs0wAd6072H1x2jSS3g2kLHIM9aup4qf2OwrFYuA5OT8g10T7LtzfA4-L_Wp17uInGsYMyo&amp;__tn__=%2ANKH-R\" data-ft=\"{&quot;type&quot;:104,&quot;tn&quot;:&quot;*N&quot;}\"><span class=\"_5afx\"><span class=\"_58cl _5afz\">#<\/span><span class=\"_58cm\">cooperacionaldesarrollo<\/span><\/span><\/a>\u00a0<a class=\"_58cn\" href=\"https:\/\/www.facebook.com\/hashtag\/cooperacioninternacional?source=feed_text&amp;epa=HASHTAG&amp;__xts__%5B0%5D=68.ARBe0G7lS_YIUmEODBJhLKKp4HFOodOJOffFWLN27xnYgy8DMiqlg19C6C3O0et5sjuYif0rNAyuACnuIQw9pFFp5YYGIYn-198bRx_2oAHNPes5cS-FVpaCx1ttl2dqX1wSlnV_o9FjPGf7TNJuUhvLhgskcm4jGkW2GO2pvbu575FnnADsejcJL-AKrz6AIwKF_o6xsGdpNm-4RQM1Me5Efs0wAd6072H1x2jSS3g2kLHIM9aup4qf2OwrFYuA5OT8g10T7LtzfA4-L_Wp17uInGsYMyo&amp;__tn__=%2ANKH-R\" data-ft=\"{&quot;type&quot;:104,&quot;tn&quot;:&quot;*N&quot;}\"><span class=\"_5afx\"><span class=\"_58cl _5afz\">#<\/span><span class=\"_58cm\">cooperacioninternacional<\/span><\/span><\/a>\u00a0<a class=\"_58cn\" href=\"https:\/\/www.facebook.com\/hashtag\/solidaridad?source=feed_text&amp;epa=HASHTAG&amp;__xts__%5B0%5D=68.ARBe0G7lS_YIUmEODBJhLKKp4HFOodOJOffFWLN27xnYgy8DMiqlg19C6C3O0et5sjuYif0rNAyuACnuIQw9pFFp5YYGIYn-198bRx_2oAHNPes5cS-FVpaCx1ttl2dqX1wSlnV_o9FjPGf7TNJuUhvLhgskcm4jGkW2GO2pvbu575FnnADsejcJL-AKrz6AIwKF_o6xsGdpNm-4RQM1Me5Efs0wAd6072H1x2jSS3g2kLHIM9aup4qf2OwrFYuA5OT8g10T7LtzfA4-L_Wp17uInGsYMyo&amp;__tn__=%2ANKH-R\" data-ft=\"{&quot;type&quot;:104,&quot;tn&quot;:&quot;*N&quot;}\"><span class=\"_5afx\"><span class=\"_58cl _5afz\">#<\/span><span class=\"_58cm\">solidaridad<\/span><\/span><\/a>\u00a0<a class=\"_58cn\" href=\"https:\/\/www.facebook.com\/hashtag\/amigos?source=feed_text&amp;epa=HASHTAG&amp;__xts__%5B0%5D=68.ARBe0G7lS_YIUmEODBJhLKKp4HFOodOJOffFWLN27xnYgy8DMiqlg19C6C3O0et5sjuYif0rNAyuACnuIQw9pFFp5YYGIYn-198bRx_2oAHNPes5cS-FVpaCx1ttl2dqX1wSlnV_o9FjPGf7TNJuUhvLhgskcm4jGkW2GO2pvbu575FnnADsejcJL-AKrz6AIwKF_o6xsGdpNm-4RQM1Me5Efs0wAd6072H1x2jSS3g2kLHIM9aup4qf2OwrFYuA5OT8g10T7LtzfA4-L_Wp17uInGsYMyo&amp;__tn__=%2ANKH-R\" data-ft=\"{&quot;type&quot;:104,&quot;tn&quot;:&quot;*N&quot;}\"><span class=\"_5afx\"><span class=\"_58cl _5afz\">#<\/span><span class=\"_58cm\">amigos<\/span><\/span><\/a><span class=\"_5mfr\"><span class=\"_6qdm\">?<\/span><\/span><a class=\"_58cn\" href=\"https:\/\/www.facebook.com\/hashtag\/reunionesdetrabajo?source=feed_text&amp;epa=HASHTAG&amp;__xts__%5B0%5D=68.ARBe0G7lS_YIUmEODBJhLKKp4HFOodOJOffFWLN27xnYgy8DMiqlg19C6C3O0et5sjuYif0rNAyuACnuIQw9pFFp5YYGIYn-198bRx_2oAHNPes5cS-FVpaCx1ttl2dqX1wSlnV_o9FjPGf7TNJuUhvLhgskcm4jGkW2GO2pvbu575FnnADsejcJL-AKrz6AIwKF_o6xsGdpNm-4RQM1Me5Efs0wAd6072H1x2jSS3g2kLHIM9aup4qf2OwrFYuA5OT8g10T7LtzfA4-L_Wp17uInGsYMyo&amp;__tn__=%2ANKH-R\" data-ft=\"{&quot;type&quot;:104,&quot;tn&quot;:&quot;*N&quot;}\"><span class=\"_5afx\"><span class=\"_58cl _5afz\">#<\/span><span class=\"_58cm\">reunionesdetrabajo<\/span><\/span><\/a>\u00a0<a class=\"_58cn\" href=\"https:\/\/www.facebook.com\/hashtag\/burkinafaso?source=feed_text&amp;epa=HASHTAG&amp;__xts__%5B0%5D=68.ARBe0G7lS_YIUmEODBJhLKKp4HFOodOJOffFWLN27xnYgy8DMiqlg19C6C3O0et5sjuYif0rNAyuACnuIQw9pFFp5YYGIYn-198bRx_2oAHNPes5cS-FVpaCx1ttl2dqX1wSlnV_o9FjPGf7TNJuUhvLhgskcm4jGkW2GO2pvbu575FnnADsejcJL-AKrz6AIwKF_o6xsGdpNm-4RQM1Me5Efs0wAd6072H1x2jSS3g2kLHIM9aup4qf2OwrFYuA5OT8g10T7LtzfA4-L_Wp17uInGsYMyo&amp;__tn__=%2ANKH-R\" data-ft=\"{&quot;type&quot;:104,&quot;tn&quot;:&quot;*N&quot;}\"><span class=\"_5afx\"><span class=\"_58cl _5afz\">#<\/span><span class=\"_58cm\">burkinafaso<\/span><\/span><\/a>\u00a0\u00a0<\/p>\n","protected":false},"excerpt":{"rendered":"<p>10\/08\/2019 En el control Fernando Gonz\u00e1lez, entrevistando Leny Gonz\u00e1lez y dejando el alma en cada comentario Minerva Talavera Dom\u00ednguez, Presidenta de la Asociaci\u00f3n \u00abBurkinasaraCanarias\u00bb y Claris Zango, cooperante de la misma. Conocer lo que hacemos en Canarias a trav\u00e9s de nuestra gente, es formar parte de ello. \u00a1 Entra y esc\u00fachanos! \u00a1 Comparte, que entre [&hellip;]<\/p>\n","protected":false},"author":1,"featured_media":46,"comment_status":"open","ping_status":"open","sticky":false,"template":"","format":"standard","meta":{"footnotes":""},"categories":[6],"tags":[25,8,9,10,12,13,11,24],"class_list":["post-50","post","type-post","status-publish","format-standard","has-post-thumbnail","hentry","category-noticias-burkinasara-canarias","tag-aniversario","tag-burkina","tag-burkinasara","tag-canarias","tag-mujeres-del-mundo","tag-rtvc","tag-solidaridad","tag-xii"],"_links":{"self":[{"href":"https:\/\/www.burkinasaracanarias.org\/web2\/wp-json\/wp\/v2\/posts\/50","targetHints":{"allow":["GET"]}}],"collection":[{"href":"https:\/\/www.burkinasaracanarias.org\/web2\/wp-json\/wp\/v2\/posts"}],"about":[{"href":"https:\/\/www.burkinasaracanarias.org\/web2\/wp-json\/wp\/v2\/types\/post"}],"author":[{"embeddable":true,"href":"https:\/\/www.burkinasaracanarias.org\/web2\/wp-json\/wp\/v2\/users\/1"}],"replies":[{"embeddable":true,"href":"https:\/\/www.burkinasaracanarias.org\/web2\/wp-json\/wp\/v2\/comments?post=50"}],"version-history":[{"count":0,"href":"https:\/\/www.burkinasaracanarias.org\/web2\/wp-json\/wp\/v2\/posts\/50\/revisions"}],"wp:featuredmedia":[{"embeddable":true,"href":"https:\/\/www.burkinasaracanarias.org\/web2\/wp-json\/wp\/v2\/media\/46"}],"wp:attachment":[{"href":"https:\/\/www.burkinasaracanarias.org\/web2\/wp-json\/wp\/v2\/media?parent=50"}],"wp:term":[{"taxonomy":"category","embeddable":true,"href":"https:\/\/www.burkinasaracanarias.org\/web2\/wp-json\/wp\/v2\/categories?post=50"},{"taxonomy":"post_tag","embeddable":true,"href":"https:\/\/www.burkinasaracanarias.org\/web2\/wp-json\/wp\/v2\/tags?post=50"}],"curies":[{"name":"wp","href":"https:\/\/api.w.org\/{rel}","templated":true}]}}