{"id":63,"date":"2020-10-17T07:00:00","date_gmt":"2020-10-17T07:00:00","guid":{"rendered":"http:\/\/www.burkinasaracanarias.org\/web2\/2020\/10\/17\/la-asociacion-burkinasaracanarias-comunicado-frente-al-covid-19\/"},"modified":"2020-10-17T07:00:00","modified_gmt":"2020-10-17T07:00:00","slug":"la-asociacion-burkinasaracanarias-comunicado-frente-al-covid-19","status":"publish","type":"post","link":"https:\/\/www.burkinasaracanarias.org\/web2\/2020\/10\/17\/la-asociacion-burkinasaracanarias-comunicado-frente-al-covid-19\/","title":{"rendered":"La Asociaci\u00f3n BurkinasaraCanarias &#8211; Comunicado frente al COVID-19"},"content":{"rendered":"<figure class=\"pull-left\"><\/figure>\n<p><span style=\"font-size: 10pt;\"><strong>Estimadas socias\/os:<\/strong><\/span><\/p>\n<div dir=\"ltr\">\n<div>\n<p style=\"text-align: justify;\"><span style=\"font-family: tahoma, arial, helvetica, sans-serif; font-size: 10pt;\">Conscientes de la dif\u00edcil situaci\u00f3n que estamos viviendo con la evoluci\u00f3n de la crisis sanitaria y declaraci\u00f3n de estado de Alarma a consecuencia del COVID19, la Asociaci\u00f3n Burkinasara.Canarias, ha tomado la dif\u00edcil decisi\u00f3n de no realizar este a\u00f1o el viaje a Burkina Faso para el seguimiento de los programas y la ejecuci\u00f3n de los proyectos previsto para el a\u00f1o 2020. <span style=\"color: #ff0000;\"><em>(resto del comunicado pulsando el leer m\u00e1s)<\/em><\/span><\/span><\/p>\n<\/div>\n<\/div>\n<p><!--more--><\/p>\n<p><span style=\"font-size: 10pt;\"><strong>Estimadas socias\/os:<\/strong><\/span><\/p>\n<div dir=\"ltr\">\n<div>\n<p style=\"text-align: justify;\"><span style=\"font-family: tahoma, arial, helvetica, sans-serif; font-size: 10pt;\">Conscientes de la dif\u00edcil situaci\u00f3n que estamos viviendo con la evoluci\u00f3n de la crisis sanitaria y declaraci\u00f3n de estado de Alarma a consecuencia del COVID19, la Asociaci\u00f3n Burkinasara.Canarias, ha tomado la dif\u00edcil decisi\u00f3n de no realizar este a\u00f1o el viaje a Burkina Faso para el seguimiento de los programas y la ejecuci\u00f3n de los proyectos previsto para el a\u00f1o 2020.<\/span><\/p>\n<p style=\"text-align: justify;\"><span style=\"font-family: tahoma, arial, helvetica, sans-serif; font-size: 10pt;\">Fieles a nuestro compromiso con el pa\u00eds de Burkina Faso, estamos en comunicaci\u00f3n con la contraparte local con el objetivo de mantenernos informados sobre la situaci\u00f3n del pa\u00eds y el seguimiento de los programas de desnutrici\u00f3n, siendo estos los m\u00e1s afectados, no solo por la crisis sanitaria, sino tambi\u00e9n, por las carencias alimenticias que hasta ahora han estado cubiertas por la Asociaci\u00f3n Burkinasara.Canarias.<\/span><\/p>\n<p style=\"text-align: justify;\"><span style=\"font-family: tahoma, arial, helvetica, sans-serif; font-size: 10pt;\">Esperanzadas de que esta situaci\u00f3n, que afecta a nivel mundial, llegue a su fin lo antes posible, queremos animarlos a continuar con vuestra colaboraci\u00f3n tan indispensable para los Programas de Desnutrici\u00f3n y los Proyectos Educativos y Sanitarios que hasta ahora hemos podido llevar a cabo gracias a vuestro compromiso con esta Asociaci\u00f3n.<\/span><\/p>\n<p style=\"text-align: justify;\"><span style=\"font-family: tahoma, arial, helvetica, sans-serif; font-size: 10pt;\">Aprovechamos esta ocasi\u00f3n para agradecer de todo coraz\u00f3n la implicaci\u00f3n y la confianza que han depositado en Burkinasara.Canarias, siendo la mejor muestra de solidaridad que podemos recibir y que nos da la fuerza para desplazarnos con toda la ilusi\u00f3n y mejorar la vida de muchas personas necesitadas en Burkina Faso.<\/span><\/p>\n<\/div>\n<\/div>\n<p>\u00a0<a class=\"_58cn\" href=\"https:\/\/www.facebook.com\/hashtag\/cooperacionaldesarrollo?source=feed_text&amp;epa=HASHTAG&amp;__xts__%5B0%5D=68.ARBe0G7lS_YIUmEODBJhLKKp4HFOodOJOffFWLN27xnYgy8DMiqlg19C6C3O0et5sjuYif0rNAyuACnuIQw9pFFp5YYGIYn-198bRx_2oAHNPes5cS-FVpaCx1ttl2dqX1wSlnV_o9FjPGf7TNJuUhvLhgskcm4jGkW2GO2pvbu575FnnADsejcJL-AKrz6AIwKF_o6xsGdpNm-4RQM1Me5Efs0wAd6072H1x2jSS3g2kLHIM9aup4qf2OwrFYuA5OT8g10T7LtzfA4-L_Wp17uInGsYMyo&amp;__tn__=%2ANKH-R\" data-ft=\"{&quot;type&quot;:104,&quot;tn&quot;:&quot;*N&quot;}\"><span class=\"_5afx\"><span class=\"_58cl _5afz\">#<\/span><span class=\"_58cm\">cooperacionaldesarrollo<\/span><\/span><\/a>\u00a0<a class=\"_58cn\" href=\"https:\/\/www.facebook.com\/hashtag\/cooperacioninternacional?source=feed_text&amp;epa=HASHTAG&amp;__xts__%5B0%5D=68.ARBe0G7lS_YIUmEODBJhLKKp4HFOodOJOffFWLN27xnYgy8DMiqlg19C6C3O0et5sjuYif0rNAyuACnuIQw9pFFp5YYGIYn-198bRx_2oAHNPes5cS-FVpaCx1ttl2dqX1wSlnV_o9FjPGf7TNJuUhvLhgskcm4jGkW2GO2pvbu575FnnADsejcJL-AKrz6AIwKF_o6xsGdpNm-4RQM1Me5Efs0wAd6072H1x2jSS3g2kLHIM9aup4qf2OwrFYuA5OT8g10T7LtzfA4-L_Wp17uInGsYMyo&amp;__tn__=%2ANKH-R\" data-ft=\"{&quot;type&quot;:104,&quot;tn&quot;:&quot;*N&quot;}\"><span class=\"_5afx\"><span class=\"_58cl _5afz\">#<\/span><span class=\"_58cm\">cooperacioninternacional<\/span><\/span><\/a>\u00a0<a class=\"_58cn\" href=\"https:\/\/www.facebook.com\/hashtag\/solidaridad?source=feed_text&amp;epa=HASHTAG&amp;__xts__%5B0%5D=68.ARBe0G7lS_YIUmEODBJhLKKp4HFOodOJOffFWLN27xnYgy8DMiqlg19C6C3O0et5sjuYif0rNAyuACnuIQw9pFFp5YYGIYn-198bRx_2oAHNPes5cS-FVpaCx1ttl2dqX1wSlnV_o9FjPGf7TNJuUhvLhgskcm4jGkW2GO2pvbu575FnnADsejcJL-AKrz6AIwKF_o6xsGdpNm-4RQM1Me5Efs0wAd6072H1x2jSS3g2kLHIM9aup4qf2OwrFYuA5OT8g10T7LtzfA4-L_Wp17uInGsYMyo&amp;__tn__=%2ANKH-R\" data-ft=\"{&quot;type&quot;:104,&quot;tn&quot;:&quot;*N&quot;}\"><span class=\"_5afx\"><span class=\"_58cl _5afz\">#<\/span><span class=\"_58cm\">solidaridad<\/span><\/span><\/a>\u00a0<a class=\"_58cn\" href=\"https:\/\/www.facebook.com\/hashtag\/burkinafaso?source=feed_text&amp;epa=HASHTAG&amp;__xts__%5B0%5D=68.ARBe0G7lS_YIUmEODBJhLKKp4HFOodOJOffFWLN27xnYgy8DMiqlg19C6C3O0et5sjuYif0rNAyuACnuIQw9pFFp5YYGIYn-198bRx_2oAHNPes5cS-FVpaCx1ttl2dqX1wSlnV_o9FjPGf7TNJuUhvLhgskcm4jGkW2GO2pvbu575FnnADsejcJL-AKrz6AIwKF_o6xsGdpNm-4RQM1Me5Efs0wAd6072H1x2jSS3g2kLHIM9aup4qf2OwrFYuA5OT8g10T7LtzfA4-L_Wp17uInGsYMyo&amp;__tn__=%2ANKH-R\" data-ft=\"{&quot;type&quot;:104,&quot;tn&quot;:&quot;*N&quot;}\"><span class=\"_5afx\"><span class=\"_58cl _5afz\">#<\/span><span class=\"_58cm\">burkinafaso<\/span><\/span><\/a>\u00a0\u00a0<\/p>\n","protected":false},"excerpt":{"rendered":"<p>Estimadas socias\/os: Conscientes de la dif\u00edcil situaci\u00f3n que estamos viviendo con la evoluci\u00f3n de la crisis sanitaria y declaraci\u00f3n de estado de Alarma a consecuencia del COVID19, la Asociaci\u00f3n Burkinasara.Canarias, ha tomado la dif\u00edcil decisi\u00f3n de no realizar este a\u00f1o el viaje a Burkina Faso para el seguimiento de los programas y la ejecuci\u00f3n de [&hellip;]<\/p>\n","protected":false},"author":1,"featured_media":0,"comment_status":"open","ping_status":"open","sticky":false,"template":"","format":"standard","meta":{"footnotes":""},"categories":[6],"tags":[8,9,10,50,52,51,53,12,11],"class_list":["post-63","post","type-post","status-publish","format-standard","hentry","category-noticias-burkinasara-canarias","tag-burkina","tag-burkinasara","tag-canarias","tag-comunicado","tag-covid","tag-covid-19","tag-limitaciones","tag-mujeres-del-mundo","tag-solidaridad"],"_links":{"self":[{"href":"https:\/\/www.burkinasaracanarias.org\/web2\/wp-json\/wp\/v2\/posts\/63","targetHints":{"allow":["GET"]}}],"collection":[{"href":"https:\/\/www.burkinasaracanarias.org\/web2\/wp-json\/wp\/v2\/posts"}],"about":[{"href":"https:\/\/www.burkinasaracanarias.org\/web2\/wp-json\/wp\/v2\/types\/post"}],"author":[{"embeddable":true,"href":"https:\/\/www.burkinasaracanarias.org\/web2\/wp-json\/wp\/v2\/users\/1"}],"replies":[{"embeddable":true,"href":"https:\/\/www.burkinasaracanarias.org\/web2\/wp-json\/wp\/v2\/comments?post=63"}],"version-history":[{"count":0,"href":"https:\/\/www.burkinasaracanarias.org\/web2\/wp-json\/wp\/v2\/posts\/63\/revisions"}],"wp:attachment":[{"href":"https:\/\/www.burkinasaracanarias.org\/web2\/wp-json\/wp\/v2\/media?parent=63"}],"wp:term":[{"taxonomy":"category","embeddable":true,"href":"https:\/\/www.burkinasaracanarias.org\/web2\/wp-json\/wp\/v2\/categories?post=63"},{"taxonomy":"post_tag","embeddable":true,"href":"https:\/\/www.burkinasaracanarias.org\/web2\/wp-json\/wp\/v2\/tags?post=63"}],"curies":[{"name":"wp","href":"https:\/\/api.w.org\/{rel}","templated":true}]}}