{"id":71,"date":"2021-07-08T09:00:00","date_gmt":"2021-07-08T09:00:00","guid":{"rendered":"http:\/\/www.burkinasaracanarias.org\/web2\/2021\/07\/08\/la-asociacion-burkinasaracanarias-agradece-a-ceip-practicas-aneja-por-nueva-aportacion-economica-a-favor-del-alumnado-de-la-poblacion-de-manga-en-burkina-faso-muchas-gracias\/"},"modified":"2021-07-08T09:00:00","modified_gmt":"2021-07-08T09:00:00","slug":"la-asociacion-burkinasaracanarias-agradece-a-ceip-practicas-aneja-por-nueva-aportacion-economica-a-favor-del-alumnado-de-la-poblacion-de-manga-en-burkina-faso-muchas-gracias","status":"publish","type":"post","link":"https:\/\/www.burkinasaracanarias.org\/web2\/2021\/07\/08\/la-asociacion-burkinasaracanarias-agradece-a-ceip-practicas-aneja-por-nueva-aportacion-economica-a-favor-del-alumnado-de-la-poblacion-de-manga-en-burkina-faso-muchas-gracias\/","title":{"rendered":"La Asociaci\u00f3n BurkinasaraCanarias agradece a CEIP Pr\u00e1cticas Aneja por nueva aportaci\u00f3n econ\u00f3mica a favor del alumnado de la poblaci\u00f3n de Manga, en Burkina Faso. Muchas gracias"},"content":{"rendered":"<figure class=\"pull-left\"><\/figure>\n<p>\u00a0<span style=\"font-size: 10pt;\"><strong><img loading=\"lazy\" decoding=\"async\" class=\" size-full wp-image-70\" src=\"http:\/\/www.burkinasaracanarias.org\/web2\/wp-content\/uploads\/2021\/07\/maxresdefault-821.jpg\" alt=\"Muchas gracias de todo coraz\u00f3n\" width=\"350\" height=\"197\" srcset=\"https:\/\/www.burkinasaracanarias.org\/web2\/wp-content\/uploads\/2021\/07\/maxresdefault-821.jpg 1280w, https:\/\/www.burkinasaracanarias.org\/web2\/wp-content\/uploads\/2021\/07\/maxresdefault-821-300x169.jpg 300w, https:\/\/www.burkinasaracanarias.org\/web2\/wp-content\/uploads\/2021\/07\/maxresdefault-821-1024x576.jpg 1024w, https:\/\/www.burkinasaracanarias.org\/web2\/wp-content\/uploads\/2021\/07\/maxresdefault-821-768x432.jpg 768w\" sizes=\"auto, (max-width: 350px) 100vw, 350px\" \/><\/strong><\/span><\/p>\n<p><span style=\"font-size: 10pt;\"><strong>JULIO 2021 Campa\u00f1a Solidaria CEIP Practicas Aneja<\/strong><\/span><\/p>\n<p><!--more--><\/p>\n<p><span style=\"font-size: 10pt;\"><strong>JULIO 2021 Campa\u00f1a Solidaria CEIP Practicas Aneja<\/strong><\/span><\/p>\n<p><span style=\"font-size: 10pt;\">Una vez m\u00e1s, la Asociaci\u00f3n Burkinasara.Canarias, quiere agradecer a la Direcci\u00f3n del CEIP Pr\u00e1cticas Anejas, Sr. Fernando \u00c1vila, al profesorado, al alumnado y a sus familias, por dedicar su esfuerzo y su gran voluntad con la celebraci\u00f3n de la Carrera Solidaria a favor de los m\u00e1s desfavorecidos, contribuyendo con los proyectos de desarrollo y educaci\u00f3n que se llevan a cabo en la poblaci\u00f3n de manga en Burkina Faso.<\/span><\/p>\n<p><span style=\"font-size: 10pt;\">Esta gran recaudaci\u00f3n obtenida con dicha carrera, merece ser destinada a las escuelas de la poblaci\u00f3n de Manga, favoreciendo a ese alumnado, facilit\u00e1ndoles una herramienta tan valiosa como es la educaci\u00f3n.<\/span><span style=\"font-size: 10pt;\">\u00a0<\/span><\/p>\n<p><span style=\"font-size: 10pt;\">En nombre de la poblaci\u00f3n Burkinab\u00e9, agradecemos esta gran aportaci\u00f3n, que sin duda le haremos llegar, cubriendo todas aquellas necesidades a las que podamos llegar.<\/span><span style=\"font-size: 10pt;\">\u00a0<\/span><\/p>\n<p><span style=\"font-size: 10pt;\">Gracias, CEIP Pr\u00e1cticas Anejas,<\/span><span style=\"font-size: 10pt;\">\u00a0<\/span><\/p>\n<p><span style=\"font-size: 10pt;\"><img loading=\"lazy\" decoding=\"async\" class=\" size-full wp-image-70\" src=\"http:\/\/www.burkinasaracanarias.org\/web2\/wp-content\/uploads\/2021\/07\/maxresdefault-821.jpg\" alt=\"Muchas gracias de todo coraz\u00f3n\" width=\"650\" height=\"366\" srcset=\"https:\/\/www.burkinasaracanarias.org\/web2\/wp-content\/uploads\/2021\/07\/maxresdefault-821.jpg 1280w, https:\/\/www.burkinasaracanarias.org\/web2\/wp-content\/uploads\/2021\/07\/maxresdefault-821-300x169.jpg 300w, https:\/\/www.burkinasaracanarias.org\/web2\/wp-content\/uploads\/2021\/07\/maxresdefault-821-1024x576.jpg 1024w, https:\/\/www.burkinasaracanarias.org\/web2\/wp-content\/uploads\/2021\/07\/maxresdefault-821-768x432.jpg 768w\" sizes=\"auto, (max-width: 650px) 100vw, 650px\" \/><\/span><\/p>\n<p><span style=\"font-size: 10pt;\">\u00a0<a class=\"_58cn\" href=\"https:\/\/www.facebook.com\/hashtag\/cooperacionaldesarrollo?source=feed_text&amp;epa=HASHTAG&amp;__xts__%5B0%5D=68.ARBe0G7lS_YIUmEODBJhLKKp4HFOodOJOffFWLN27xnYgy8DMiqlg19C6C3O0et5sjuYif0rNAyuACnuIQw9pFFp5YYGIYn-198bRx_2oAHNPes5cS-FVpaCx1ttl2dqX1wSlnV_o9FjPGf7TNJuUhvLhgskcm4jGkW2GO2pvbu575FnnADsejcJL-AKrz6AIwKF_o6xsGdpNm-4RQM1Me5Efs0wAd6072H1x2jSS3g2kLHIM9aup4qf2OwrFYuA5OT8g10T7LtzfA4-L_Wp17uInGsYMyo&amp;__tn__=%2ANKH-R\" data-ft=\"{&quot;type&quot;:104,&quot;tn&quot;:&quot;*N&quot;}\"><span class=\"_5afx\"><span class=\"_58cl _5afz\">#<\/span><span class=\"_58cm\">cooperacionaldesarrollo<\/span><\/span><\/a>\u00a0<a class=\"_58cn\" href=\"https:\/\/www.facebook.com\/hashtag\/cooperacioninternacional?source=feed_text&amp;epa=HASHTAG&amp;__xts__%5B0%5D=68.ARBe0G7lS_YIUmEODBJhLKKp4HFOodOJOffFWLN27xnYgy8DMiqlg19C6C3O0et5sjuYif0rNAyuACnuIQw9pFFp5YYGIYn-198bRx_2oAHNPes5cS-FVpaCx1ttl2dqX1wSlnV_o9FjPGf7TNJuUhvLhgskcm4jGkW2GO2pvbu575FnnADsejcJL-AKrz6AIwKF_o6xsGdpNm-4RQM1Me5Efs0wAd6072H1x2jSS3g2kLHIM9aup4qf2OwrFYuA5OT8g10T7LtzfA4-L_Wp17uInGsYMyo&amp;__tn__=%2ANKH-R\" data-ft=\"{&quot;type&quot;:104,&quot;tn&quot;:&quot;*N&quot;}\"><span class=\"_5afx\"><span class=\"_58cl _5afz\">#<\/span><span class=\"_58cm\">cooperacioninternacional<\/span><\/span><\/a>\u00a0<a class=\"_58cn\" href=\"https:\/\/www.facebook.com\/hashtag\/solidaridad?source=feed_text&amp;epa=HASHTAG&amp;__xts__%5B0%5D=68.ARBe0G7lS_YIUmEODBJhLKKp4HFOodOJOffFWLN27xnYgy8DMiqlg19C6C3O0et5sjuYif0rNAyuACnuIQw9pFFp5YYGIYn-198bRx_2oAHNPes5cS-FVpaCx1ttl2dqX1wSlnV_o9FjPGf7TNJuUhvLhgskcm4jGkW2GO2pvbu575FnnADsejcJL-AKrz6AIwKF_o6xsGdpNm-4RQM1Me5Efs0wAd6072H1x2jSS3g2kLHIM9aup4qf2OwrFYuA5OT8g10T7LtzfA4-L_Wp17uInGsYMyo&amp;__tn__=%2ANKH-R\" data-ft=\"{&quot;type&quot;:104,&quot;tn&quot;:&quot;*N&quot;}\"><span class=\"_5afx\"><span class=\"_58cl _5afz\">#<\/span><span class=\"_58cm\">solidaridad<\/span><\/span><\/a>\u00a0<a class=\"_58cn\" href=\"https:\/\/www.facebook.com\/hashtag\/burkinafaso?source=feed_text&amp;epa=HASHTAG&amp;__xts__%5B0%5D=68.ARBe0G7lS_YIUmEODBJhLKKp4HFOodOJOffFWLN27xnYgy8DMiqlg19C6C3O0et5sjuYif0rNAyuACnuIQw9pFFp5YYGIYn-198bRx_2oAHNPes5cS-FVpaCx1ttl2dqX1wSlnV_o9FjPGf7TNJuUhvLhgskcm4jGkW2GO2pvbu575FnnADsejcJL-AKrz6AIwKF_o6xsGdpNm-4RQM1Me5Efs0wAd6072H1x2jSS3g2kLHIM9aup4qf2OwrFYuA5OT8g10T7LtzfA4-L_Wp17uInGsYMyo&amp;__tn__=%2ANKH-R\" data-ft=\"{&quot;type&quot;:104,&quot;tn&quot;:&quot;*N&quot;}\"><span class=\"_5afx\"><span class=\"_58cl _5afz\">#<\/span><span class=\"_58cm\">burkinafaso<\/span><\/span><\/a>\u00a0<\/span><\/p>\n<p>\u00a0<\/p>\n","protected":false},"excerpt":{"rendered":"<p>\u00a0 JULIO 2021 Campa\u00f1a Solidaria CEIP Practicas Aneja<\/p>\n","protected":false},"author":1,"featured_media":70,"comment_status":"open","ping_status":"open","sticky":false,"template":"","format":"standard","meta":{"footnotes":""},"categories":[6],"tags":[59,8,9,10,60,58,11],"class_list":["post-71","post","type-post","status-publish","format-standard","has-post-thumbnail","hentry","category-noticias-burkinasara-canarias","tag-anejas","tag-burkina","tag-burkinasara","tag-canarias","tag-ceip","tag-practicas","tag-solidaridad"],"_links":{"self":[{"href":"https:\/\/www.burkinasaracanarias.org\/web2\/wp-json\/wp\/v2\/posts\/71","targetHints":{"allow":["GET"]}}],"collection":[{"href":"https:\/\/www.burkinasaracanarias.org\/web2\/wp-json\/wp\/v2\/posts"}],"about":[{"href":"https:\/\/www.burkinasaracanarias.org\/web2\/wp-json\/wp\/v2\/types\/post"}],"author":[{"embeddable":true,"href":"https:\/\/www.burkinasaracanarias.org\/web2\/wp-json\/wp\/v2\/users\/1"}],"replies":[{"embeddable":true,"href":"https:\/\/www.burkinasaracanarias.org\/web2\/wp-json\/wp\/v2\/comments?post=71"}],"version-history":[{"count":0,"href":"https:\/\/www.burkinasaracanarias.org\/web2\/wp-json\/wp\/v2\/posts\/71\/revisions"}],"wp:featuredmedia":[{"embeddable":true,"href":"https:\/\/www.burkinasaracanarias.org\/web2\/wp-json\/wp\/v2\/media\/70"}],"wp:attachment":[{"href":"https:\/\/www.burkinasaracanarias.org\/web2\/wp-json\/wp\/v2\/media?parent=71"}],"wp:term":[{"taxonomy":"category","embeddable":true,"href":"https:\/\/www.burkinasaracanarias.org\/web2\/wp-json\/wp\/v2\/categories?post=71"},{"taxonomy":"post_tag","embeddable":true,"href":"https:\/\/www.burkinasaracanarias.org\/web2\/wp-json\/wp\/v2\/tags?post=71"}],"curies":[{"name":"wp","href":"https:\/\/api.w.org\/{rel}","templated":true}]}}