{"id":81,"date":"2022-12-14T05:32:15","date_gmt":"2022-12-14T05:32:15","guid":{"rendered":"http:\/\/www.burkinasaracanarias.org\/web2\/2022\/12\/14\/noticias-burkinasara-canarias\/"},"modified":"2022-12-14T05:32:15","modified_gmt":"2022-12-14T05:32:15","slug":"noticias-burkinasara-canarias","status":"publish","type":"post","link":"https:\/\/www.burkinasaracanarias.org\/web2\/2022\/12\/14\/noticias-burkinasara-canarias\/","title":{"rendered":"Burkinasara Canarias visit\u00f3 el programa El Apende, en Radio Televisi\u00f3n Canaria (14\/12\/2022)"},"content":{"rendered":"<p><span style=\"font-size: 12pt;\">Reci\u00e9n llegada de Burkina Faso, la Asociaci\u00f3n Burkinasara-Canarias visita el programa <em>El Alpende<\/em>, en Canarias Radio La Auton\u00f3mica. Tienen mucho que contar sobre sus experiencias en este pa\u00eds hermano. Cada a\u00f1o, colaboran con el Calendario Solidario, im\u00e1genes de su pueblo, que tal y como explica su presidenta Minerva Talavera junto con Clari Zango, detr\u00e1s de cada una de estas im\u00e1genes, hay una historia.<\/span><\/p>\n<p><span style=\"text-decoration: underline; font-size: 12pt;\">Disponible en:<\/span><\/p>\n<p><span style=\"font-size: 12pt;\"><a href=\"https:\/\/elalpende.wixsite.com\/alpende\/post\/burkinasara-de-burkina-faso-a-canarias\" target=\"_blank\" rel=\"noopener noreferrer\">https:\/\/elalpende.wixsite.com\/alpende\/post\/burkinasara-de-burkina-faso-a-canarias<\/a><\/span><\/p>\n<p>\u00a0<\/p>\n<p>\u00a0<\/p>\n<p>\u00a0<\/p>\n<p>\u00a0<\/p>\n","protected":false},"excerpt":{"rendered":"<p>Reci\u00e9n llegada de Burkina Faso, la Asociaci\u00f3n Burkinasara-Canarias visita el programa El Alpende, en Canarias Radio La Auton\u00f3mica. Tienen mucho que contar sobre sus experiencias en este pa\u00eds hermano. Cada a\u00f1o, colaboran con el Calendario Solidario, im\u00e1genes de su pueblo, que tal y como explica su presidenta Minerva Talavera junto con Clari Zango, detr\u00e1s de [&hellip;]<\/p>\n","protected":false},"author":1,"featured_media":0,"comment_status":"open","ping_status":"open","sticky":false,"template":"","format":"standard","meta":{"footnotes":""},"categories":[6],"tags":[63,64,14,13],"class_list":["post-81","post","type-post","status-publish","format-standard","hentry","category-noticias-burkinasara-canarias","tag-burkinasara-canarias","tag-canarias-radio-la-autonomica","tag-el-alpende","tag-rtvc"],"_links":{"self":[{"href":"https:\/\/www.burkinasaracanarias.org\/web2\/wp-json\/wp\/v2\/posts\/81","targetHints":{"allow":["GET"]}}],"collection":[{"href":"https:\/\/www.burkinasaracanarias.org\/web2\/wp-json\/wp\/v2\/posts"}],"about":[{"href":"https:\/\/www.burkinasaracanarias.org\/web2\/wp-json\/wp\/v2\/types\/post"}],"author":[{"embeddable":true,"href":"https:\/\/www.burkinasaracanarias.org\/web2\/wp-json\/wp\/v2\/users\/1"}],"replies":[{"embeddable":true,"href":"https:\/\/www.burkinasaracanarias.org\/web2\/wp-json\/wp\/v2\/comments?post=81"}],"version-history":[{"count":0,"href":"https:\/\/www.burkinasaracanarias.org\/web2\/wp-json\/wp\/v2\/posts\/81\/revisions"}],"wp:attachment":[{"href":"https:\/\/www.burkinasaracanarias.org\/web2\/wp-json\/wp\/v2\/media?parent=81"}],"wp:term":[{"taxonomy":"category","embeddable":true,"href":"https:\/\/www.burkinasaracanarias.org\/web2\/wp-json\/wp\/v2\/categories?post=81"},{"taxonomy":"post_tag","embeddable":true,"href":"https:\/\/www.burkinasaracanarias.org\/web2\/wp-json\/wp\/v2\/tags?post=81"}],"curies":[{"name":"wp","href":"https:\/\/api.w.org\/{rel}","templated":true}]}}